{"id":551,"date":"2020-06-30T14:05:27","date_gmt":"2020-06-30T12:05:27","guid":{"rendered":"http:\/\/kze.iksi.uw.edu.pl\/?p=551"},"modified":"2020-06-30T14:08:10","modified_gmt":"2020-06-30T12:08:10","slug":"nowa-publikacja","status":"publish","type":"post","link":"http:\/\/kze.iksi.uw.edu.pl\/en\/2020\/06\/30\/nowa-publikacja\/","title":{"rendered":"(Polski) Nowa ksi\u0105\u017cka &#8220;Die DDR-Schriftsteller und die Protestbewegungen in Mittelosteuropa 1956, 1968, 1980\/81."},"content":{"rendered":"<p class=\"qtranxs-available-languages-message qtranxs-available-languages-message-en\">Sorry, this entry is only available in <a href=\"http:\/\/kze.iksi.uw.edu.pl\/pl\/wp-json\/wp\/v2\/posts\/551\" class=\"qtranxs-available-language-link qtranxs-available-language-link-pl\" title=\"Polski\">Polski<\/a>. For the sake of viewer convenience, the content is shown below in the alternative language. You may click the link to switch the active language.<\/p>Uprzejmie informujemy, \u017ce nak\u0142adem wydawnictwa &#8220;Scholar&#8221; ukaza\u0142a si\u0119 niemiecka wersja ksi\u0105\u017cki Magdaleny Latkowskiej pt. &#8220;Die DDR-Schriftsteller und die Protestbewegungen in Mittelosteuropa&#8221;.<br \/>\n<a href=\"https:\/\/scholar.com.pl\/pl\/glowna\/3860-die-ddr-schriftsteller-und-die-protestbewegungen-in-mittelosteuropa-1956-1968-198081.html\" target=\"_blank\" rel=\"noopener noreferrer\"><img loading=\"lazy\" decoding=\"async\" class=\"alignright size-full wp-image-544\" src=\"http:\/\/kze.iksi.uw.edu.pl\/wp-content\/uploads\/sites\/112\/2020\/05\/die-ddr-schriftsteller-und-die-protestbewegungen-in-mittelosteuropa-1956-1968-198081.png\" alt=\"\" width=\"194\" height=\"285\" srcset=\"http:\/\/kze-iksi.strony.uw.edu.pl\/wp-content\/uploads\/sites\/112\/2020\/05\/die-ddr-schriftsteller-und-die-protestbewegungen-in-mittelosteuropa-1956-1968-198081.png 388w, http:\/\/kze-iksi.strony.uw.edu.pl\/wp-content\/uploads\/sites\/112\/2020\/05\/die-ddr-schriftsteller-und-die-protestbewegungen-in-mittelosteuropa-1956-1968-198081-204x300.png 204w\" sizes=\"auto, (max-width: 194px) 100vw, 194px\" \/><\/a>","protected":false},"excerpt":{"rendered":"<p>Sorry, this entry is only available in Polski. For the sake of viewer convenience, the content is shown below in the alternative language. You may click the link to switch the active language.Uprzejmie informujemy, \u017ce nak\u0142adem wydawnictwa &#8220;Scholar&#8221; ukaza\u0142a si\u0119 niemiecka wersja ksi\u0105\u017cki Magdaleny Latkowskiej pt. &#8220;Die DDR-Schriftsteller und die Protestbewegungen in Mittelosteuropa&#8221;.<\/p>\n","protected":false},"author":374,"featured_media":544,"comment_status":"open","ping_status":"open","sticky":false,"template":"","format":"standard","meta":{"ngg_post_thumbnail":0,"footnotes":"","_links_to":"","_links_to_target":""},"categories":[3],"tags":[],"class_list":["post-551","post","type-post","status-publish","format-standard","has-post-thumbnail","hentry","category-publikacje"],"acf":[],"_links":{"self":[{"href":"http:\/\/kze.iksi.uw.edu.pl\/en\/wp-json\/wp\/v2\/posts\/551","targetHints":{"allow":["GET"]}}],"collection":[{"href":"http:\/\/kze.iksi.uw.edu.pl\/en\/wp-json\/wp\/v2\/posts"}],"about":[{"href":"http:\/\/kze.iksi.uw.edu.pl\/en\/wp-json\/wp\/v2\/types\/post"}],"author":[{"embeddable":true,"href":"http:\/\/kze.iksi.uw.edu.pl\/en\/wp-json\/wp\/v2\/users\/374"}],"replies":[{"embeddable":true,"href":"http:\/\/kze.iksi.uw.edu.pl\/en\/wp-json\/wp\/v2\/comments?post=551"}],"version-history":[{"count":3,"href":"http:\/\/kze.iksi.uw.edu.pl\/en\/wp-json\/wp\/v2\/posts\/551\/revisions"}],"predecessor-version":[{"id":555,"href":"http:\/\/kze.iksi.uw.edu.pl\/en\/wp-json\/wp\/v2\/posts\/551\/revisions\/555"}],"wp:featuredmedia":[{"embeddable":true,"href":"http:\/\/kze.iksi.uw.edu.pl\/en\/wp-json\/wp\/v2\/media\/544"}],"wp:attachment":[{"href":"http:\/\/kze.iksi.uw.edu.pl\/en\/wp-json\/wp\/v2\/media?parent=551"}],"wp:term":[{"taxonomy":"category","embeddable":true,"href":"http:\/\/kze.iksi.uw.edu.pl\/en\/wp-json\/wp\/v2\/categories?post=551"},{"taxonomy":"post_tag","embeddable":true,"href":"http:\/\/kze.iksi.uw.edu.pl\/en\/wp-json\/wp\/v2\/tags?post=551"}],"curies":[{"name":"wp","href":"https:\/\/api.w.org\/{rel}","templated":true}]}}