{"id":203,"date":"2016-05-01T12:14:40","date_gmt":"2016-05-01T10:14:40","guid":{"rendered":"http:\/\/kze-iksi.strony.uw.edu.pl\/?p=203"},"modified":"2016-05-01T12:23:44","modified_gmt":"2016-05-01T10:23:44","slug":"203","status":"publish","type":"post","link":"http:\/\/kze.iksi.uw.edu.pl\/en\/2016\/05\/01\/203\/","title":{"rendered":"SGP Conference"},"content":{"rendered":"<p class=\"qtranxs-available-languages-message qtranxs-available-languages-message-en\">Sorry, this entry is only available in <a href=\"http:\/\/kze.iksi.uw.edu.pl\/pl\/wp-json\/wp\/v2\/posts\/203\" class=\"qtranxs-available-language-link qtranxs-available-language-link-pl\" title=\"Polski\">Polski<\/a>. For the sake of viewer convenience, the content is shown below in the alternative language. You may click the link to switch the active language.<\/p>W dniach: 20-22 maja 2016 odb\u0119dzie si\u0119 doroczna konferencja Stowarzyszenia Germanist\u00f3w Polskich pt. GERMANISTISCHE FORSCHUNG IN POLEN: GEGENST\u00c4NDE UND METHODEN: FORMEN UND WIRKUNGEN Miejsce: Institut f\u00fcr Germanistik, Al. Niepodleg\u0142o\u015bci 4. Pozna\u0144<br \/>\n<img loading=\"lazy\" decoding=\"async\" src=\"http:\/\/kze.iksi.uw.edu.pl\/wp-content\/uploads\/sites\/112\/2016\/05\/logo_sgp_286x73.png\" alt=\"logo_sgp_286x73\" width=\"286\" height=\"73\" class=\"alignright size-full wp-image-207\" \/><img loading=\"lazy\" decoding=\"async\" src=\"http:\/\/kze.iksi.uw.edu.pl\/wp-content\/uploads\/sites\/112\/2016\/05\/logo_uam_poznan_95x86.png\" alt=\"logo_uam_poznan_95x86\" width=\"95\" height=\"86\" class=\"alignright size-full wp-image-208\" \/><img loading=\"lazy\" decoding=\"async\" src=\"http:\/\/kze.iksi.uw.edu.pl\/wp-content\/uploads\/sites\/112\/2016\/05\/logo_fpnp25_166x72.png\" alt=\"logo_fpnp25_166x72\" width=\"166\" height=\"72\" class=\"alignright size-full wp-image-206\" \/><br \/>","protected":false},"excerpt":{"rendered":"<p>Sorry, this entry is only available in Polski. For the sake of viewer convenience, the content is shown below in the alternative language. You may click the link to switch the active language.W dniach: 20-22 maja 2016 odb\u0119dzie si\u0119 doroczna konferencja Stowarzyszenia Germanist\u00f3w Polskich pt. GERMANISTISCHE FORSCHUNG IN POLEN: GEGENST\u00c4NDE UND METHODEN: FORMEN UND WIRKUNGEN\u2026 <span class=\"read-more\"><a href=\"http:\/\/kze.iksi.uw.edu.pl\/en\/2016\/05\/01\/203\/\">Read More: SGP Conference &raquo;<\/a><\/span><\/p>\n","protected":false},"author":374,"featured_media":0,"comment_status":"closed","ping_status":"closed","sticky":false,"template":"","format":"standard","meta":{"ngg_post_thumbnail":0,"footnotes":"","_links_to":"","_links_to_target":""},"categories":[4],"tags":[],"class_list":["post-203","post","type-post","status-publish","format-standard","hentry","category-konferencje"],"acf":[],"_links":{"self":[{"href":"http:\/\/kze.iksi.uw.edu.pl\/en\/wp-json\/wp\/v2\/posts\/203","targetHints":{"allow":["GET"]}}],"collection":[{"href":"http:\/\/kze.iksi.uw.edu.pl\/en\/wp-json\/wp\/v2\/posts"}],"about":[{"href":"http:\/\/kze.iksi.uw.edu.pl\/en\/wp-json\/wp\/v2\/types\/post"}],"author":[{"embeddable":true,"href":"http:\/\/kze.iksi.uw.edu.pl\/en\/wp-json\/wp\/v2\/users\/374"}],"replies":[{"embeddable":true,"href":"http:\/\/kze.iksi.uw.edu.pl\/en\/wp-json\/wp\/v2\/comments?post=203"}],"version-history":[{"count":2,"href":"http:\/\/kze.iksi.uw.edu.pl\/en\/wp-json\/wp\/v2\/posts\/203\/revisions"}],"predecessor-version":[{"id":209,"href":"http:\/\/kze.iksi.uw.edu.pl\/en\/wp-json\/wp\/v2\/posts\/203\/revisions\/209"}],"wp:attachment":[{"href":"http:\/\/kze.iksi.uw.edu.pl\/en\/wp-json\/wp\/v2\/media?parent=203"}],"wp:term":[{"taxonomy":"category","embeddable":true,"href":"http:\/\/kze.iksi.uw.edu.pl\/en\/wp-json\/wp\/v2\/categories?post=203"},{"taxonomy":"post_tag","embeddable":true,"href":"http:\/\/kze.iksi.uw.edu.pl\/en\/wp-json\/wp\/v2\/tags?post=203"}],"curies":[{"name":"wp","href":"https:\/\/api.w.org\/{rel}","templated":true}]}}