{"id":566,"date":"2021-01-11T19:35:21","date_gmt":"2021-01-11T18:35:21","guid":{"rendered":"http:\/\/kze.iksi.uw.edu.pl\/?p=566"},"modified":"2021-01-11T19:36:09","modified_gmt":"2021-01-11T18:36:09","slug":"konferencja-dla-doktorantow-w-ramach-sojuszu-4eu-plus","status":"publish","type":"post","link":"http:\/\/kze.iksi.uw.edu.pl\/de\/2021\/01\/11\/konferencja-dla-doktorantow-w-ramach-sojuszu-4eu-plus\/","title":{"rendered":"(Polski) Konferencja dla doktorant\u00f3w w ramach sojuszu 4EU Plus!"},"content":{"rendered":"<p class=\"qtranxs-available-languages-message qtranxs-available-languages-message-de\">Leider ist der Eintrag nur auf <a href=\"http:\/\/kze.iksi.uw.edu.pl\/pl\/wp-json\/wp\/v2\/posts\/566\" class=\"qtranxs-available-language-link qtranxs-available-language-link-pl\" title=\"Polski\">Polski<\/a> verf\u00fcgbar. Der Inhalt wird unten in einer verf\u00fcgbaren Sprache angezeigt. Klicken Sie auf den Link, um die aktuelle Sprache zu \u00e4ndern.<\/p>Interdyscyplinarna konferencja mi\u0119dzynarodowa dla doktorant\u00f3w<br \/>\n\u201eDilemmas of Modernity 200 Years of Central Europe Cultures and Societies\u201d<br \/>\nWarszawa, 20-22 maja 2021<\/p>\n<p>Serdecznie zapraszamy doktorant\u00f3w Wydzia\u0142u Lingwistyki Stosowanej do przesy\u0142ania zg\u0142osze\u0144 do udzia\u0142u w konferencji naukowej online pt. \u201eDilemmas of Modernity 200 Years of Central Europe Cultures and Societies\u201d, kt\u00f3ra odb\u0119dzie si\u0119 w ramach sojuszu 4EU Plus. Zainteresowane osoby proszone s\u0105 o przesy\u0142anie abstrakt\u00f3w wyst\u0105pie\u0144 na nast\u0119puj\u0105ce adresy: Afrodyta Weselak: a.weselak@uw.edu.pl (cz\u0142onek komitetu organizacyjnego) oraz dr hab. Magdalena Latkowska: m.latkowska@uw.edu.pl (cz\u0142onek komitetu naukowego) do dnia 1 marca 2021 r. Zg\u0142oszenia zostan\u0105 poddane procesowi recenzji. <a href=\"http:\/\/kze.iksi.uw.edu.pl\/wp-content\/uploads\/sites\/112\/2021\/01\/Intenational_PhD_conference_call_May_2021-2.pdf\">Szczeg\u00f3\u0142y w za\u0142\u0105czniku<\/a><br \/>","protected":false},"excerpt":{"rendered":"<p>Leider ist der Eintrag nur auf Polski verf\u00fcgbar. Der Inhalt wird unten in einer verf\u00fcgbaren Sprache angezeigt. Klicken Sie auf den Link, um die aktuelle Sprache zu \u00e4ndern.Interdyscyplinarna konferencja mi\u0119dzynarodowa dla doktorant\u00f3w \u201eDilemmas of Modernity 200 Years of Central Europe Cultures and Societies\u201d Warszawa, 20-22 maja 2021 Serdecznie zapraszamy doktorant\u00f3w Wydzia\u0142u Lingwistyki Stosowanej do przesy\u0142ania\u2026 <span class=\"read-more\"><a href=\"http:\/\/kze.iksi.uw.edu.pl\/de\/2021\/01\/11\/konferencja-dla-doktorantow-w-ramach-sojuszu-4eu-plus\/\">Read More: (Polski) Konferencja dla doktorant\u00f3w w ramach sojuszu 4EU Plus! &raquo;<\/a><\/span><\/p>\n","protected":false},"author":374,"featured_media":0,"comment_status":"open","ping_status":"open","sticky":false,"template":"","format":"standard","meta":{"ngg_post_thumbnail":0,"footnotes":"","_links_to":"","_links_to_target":""},"categories":[1,4],"tags":[],"class_list":["post-566","post","type-post","status-publish","format-standard","hentry","category-bez-kategorii","category-konferencje"],"acf":[],"_links":{"self":[{"href":"http:\/\/kze.iksi.uw.edu.pl\/de\/wp-json\/wp\/v2\/posts\/566","targetHints":{"allow":["GET"]}}],"collection":[{"href":"http:\/\/kze.iksi.uw.edu.pl\/de\/wp-json\/wp\/v2\/posts"}],"about":[{"href":"http:\/\/kze.iksi.uw.edu.pl\/de\/wp-json\/wp\/v2\/types\/post"}],"author":[{"embeddable":true,"href":"http:\/\/kze.iksi.uw.edu.pl\/de\/wp-json\/wp\/v2\/users\/374"}],"replies":[{"embeddable":true,"href":"http:\/\/kze.iksi.uw.edu.pl\/de\/wp-json\/wp\/v2\/comments?post=566"}],"version-history":[{"count":1,"href":"http:\/\/kze.iksi.uw.edu.pl\/de\/wp-json\/wp\/v2\/posts\/566\/revisions"}],"predecessor-version":[{"id":568,"href":"http:\/\/kze.iksi.uw.edu.pl\/de\/wp-json\/wp\/v2\/posts\/566\/revisions\/568"}],"wp:attachment":[{"href":"http:\/\/kze.iksi.uw.edu.pl\/de\/wp-json\/wp\/v2\/media?parent=566"}],"wp:term":[{"taxonomy":"category","embeddable":true,"href":"http:\/\/kze.iksi.uw.edu.pl\/de\/wp-json\/wp\/v2\/categories?post=566"},{"taxonomy":"post_tag","embeddable":true,"href":"http:\/\/kze.iksi.uw.edu.pl\/de\/wp-json\/wp\/v2\/tags?post=566"}],"curies":[{"name":"wp","href":"https:\/\/api.w.org\/{rel}","templated":true}]}}