{"id":216,"date":"2016-06-28T20:09:04","date_gmt":"2016-06-28T18:09:04","guid":{"rendered":"http:\/\/kze-iksi.strony.uw.edu.pl\/?p=216"},"modified":"2016-10-31T19:06:50","modified_gmt":"2016-10-31T18:06:50","slug":"projekt-polak","status":"publish","type":"post","link":"http:\/\/kze.iksi.uw.edu.pl\/de\/2016\/06\/28\/projekt-polak\/","title":{"rendered":"Projekt &#8222;Polak&#8220;"},"content":{"rendered":"Das Projekt wird im Rahmen der Zusammenarbeit zwischen der Universit\u00e4t Warschau und der Bergischen Universit\u00e4t Wuppertal durchgef\u00fchrt. Es wird von polnischer Seite von Frau Dr. habil. Magdalena Latkowska und von deutscher Seite von Herrn Dr. Bruno Arich-Gerz koordiniert. In das Vorhaben werden eben die StudentInnen der beiden oben erw\u00e4hnten Universit\u00e4ten mit einbezogen, die an der Umsetzung von Voraussetzungen und Zielen des Projekts aktiv beteiligt sind. An dem Projekt nehmen auch die Mitglieder der Kulturologischen Sektion der studentischen Forschungsgruppe \u201eBajt\u201c des Instituts f\u00fcr Fach- und Interkulturelle Kommunikation teil. Mit dem Projekt wird es bezweckt, den Lebenslauf von Edmund Polak, dem H\u00e4ftling des Konzentrationslager Buchenwald, zu rekonstruieren, der in vielen unterschiedlichen Bereichen k\u00fcnstlerisch t\u00e4tig war (in diesem Zeitraum schuf er viele literarische Werke zur Lagerrealit\u00e4t). Nach der Befreiung des Lagers arbeitete Polak als Journalist von Express Wieczorny. Das Werk, das das Interesse f\u00fcr seine Person geweckt hat, tr\u00e4gt den Titel \u201eTunel\u201c. Es ist eine aus Papier gefaltete Imitation des Tunels, versehen mit den Zeichnungen und den Texten, die die Unheimlichkeit, das Grauen und den Alltag des in der N\u00e4he von Buchenwald gelegenen Konzentrationslager Mittelbau-Dora darstellen.<br \/>\nVom 19. Bis 23. Juni 2016 hat der kulturologisch-translatorische Workshop unter wissenschaftlicher Betreuung der beiden Projektkoordinatoren im Gebiet des ehemaligen Konzentrationslager Mittelbau-Dora stattgefunden. Die deutsch-polnische Studentengruppe hat sich u.a. an einem speziell vorbereiteten Bildungsprogramm beteiligt sowie einige Werke von Edmund Polak \u00fcbersetzt. Das Programmergebnis wird eine zweisprachige, deutsch-polnische Publikation sein.<br \/>","protected":false},"excerpt":{"rendered":"<p>Das Projekt wird im Rahmen der Zusammenarbeit zwischen der Universit\u00e4t Warschau und der Bergischen Universit\u00e4t Wuppertal durchgef\u00fchrt. Es wird von polnischer Seite von Frau Dr. habil. Magdalena Latkowska und von deutscher Seite von Herrn Dr. Bruno Arich-Gerz koordiniert. In das Vorhaben werden eben die StudentInnen der beiden oben erw\u00e4hnten Universit\u00e4ten mit einbezogen, die an der\u2026 <span class=\"read-more\"><a href=\"http:\/\/kze.iksi.uw.edu.pl\/de\/2016\/06\/28\/projekt-polak\/\">Read More: Projekt &#8222;Polak&#8220; &raquo;<\/a><\/span><\/p>\n","protected":false},"author":374,"featured_media":0,"comment_status":"closed","ping_status":"closed","sticky":false,"template":"","format":"standard","meta":{"ngg_post_thumbnail":0,"footnotes":"","_links_to":"","_links_to_target":""},"categories":[5],"tags":[],"class_list":["post-216","post","type-post","status-publish","format-standard","hentry","category-projekty"],"acf":[],"_links":{"self":[{"href":"http:\/\/kze.iksi.uw.edu.pl\/de\/wp-json\/wp\/v2\/posts\/216","targetHints":{"allow":["GET"]}}],"collection":[{"href":"http:\/\/kze.iksi.uw.edu.pl\/de\/wp-json\/wp\/v2\/posts"}],"about":[{"href":"http:\/\/kze.iksi.uw.edu.pl\/de\/wp-json\/wp\/v2\/types\/post"}],"author":[{"embeddable":true,"href":"http:\/\/kze.iksi.uw.edu.pl\/de\/wp-json\/wp\/v2\/users\/374"}],"replies":[{"embeddable":true,"href":"http:\/\/kze.iksi.uw.edu.pl\/de\/wp-json\/wp\/v2\/comments?post=216"}],"version-history":[{"count":4,"href":"http:\/\/kze.iksi.uw.edu.pl\/de\/wp-json\/wp\/v2\/posts\/216\/revisions"}],"predecessor-version":[{"id":300,"href":"http:\/\/kze.iksi.uw.edu.pl\/de\/wp-json\/wp\/v2\/posts\/216\/revisions\/300"}],"wp:attachment":[{"href":"http:\/\/kze.iksi.uw.edu.pl\/de\/wp-json\/wp\/v2\/media?parent=216"}],"wp:term":[{"taxonomy":"category","embeddable":true,"href":"http:\/\/kze.iksi.uw.edu.pl\/de\/wp-json\/wp\/v2\/categories?post=216"},{"taxonomy":"post_tag","embeddable":true,"href":"http:\/\/kze.iksi.uw.edu.pl\/de\/wp-json\/wp\/v2\/tags?post=216"}],"curies":[{"name":"wp","href":"https:\/\/api.w.org\/{rel}","templated":true}]}}